{"id":139,"date":"2019-10-02T09:32:07","date_gmt":"2019-10-02T07:32:07","guid":{"rendered":"http:\/\/www.catherine-longepe.com\/?p=139"},"modified":"2019-10-13T17:57:14","modified_gmt":"2019-10-13T15:57:14","slug":"debut-des-seances-de-yoga","status":"publish","type":"post","link":"https:\/\/www.catherine-longepe.com\/index.php\/2019\/10\/02\/debut-des-seances-de-yoga\/","title":{"rendered":"D\u00e9but des s\u00e9ances de Yoga"},"content":{"rendered":"<p>[et_pb_section fb_built=\u00a0\u00bb1&Prime; _builder_version=\u00a0\u00bb3.29.3&Prime; fb_built=\u00a0\u00bb1&Prime; _i=\u00a0\u00bb0&Prime; _address=\u00a0\u00bb0&Prime;][et_pb_row column_structure=\u00a0\u00bb1_4,3_4&Prime; _builder_version=\u00a0\u00bb3.29.3&Prime; _i=\u00a0\u00bb0&Prime; _address=\u00a0\u00bb0.0&Prime;][et_pb_column type=\u00a0\u00bb1_4&Prime; _builder_version=\u00a0\u00bb3.29.3&Prime; _i=\u00a0\u00bb0&Prime; _address=\u00a0\u00bb0.0.0&Prime;][et_pb_image src=\u00a0\u00bbhttps:\/\/www.catherine-longepe.com\/wp-content\/uploads\/2019\/10\/Yoga-de-samara-e1570006544782.png\u00a0\u00bb align=\u00a0\u00bbcenter\u00a0\u00bb _builder_version=\u00a0\u00bb3.29.3&Prime; _i=\u00a0\u00bb0&Prime; _address=\u00a0\u00bb0.0.0.0&Prime;][\/et_pb_image][\/et_pb_column][et_pb_column type=\u00a0\u00bb3_4&Prime; _builder_version=\u00a0\u00bb3.29.3&Prime; _i=\u00a0\u00bb1&Prime; _address=\u00a0\u00bb0.0.1&Prime;][et_pb_cta title=\u00a0\u00bbOuverture Cours de Yoga de Samara\u00a0\u00bb button_url=\u00a0\u00bb@ET-DC@eyJkeW5hbWljIjp0cnVlLCJjb250ZW50IjoicG9zdF9saW5rX3VybF9wYWdlIiwic2V0dGluZ3MiOnsicG9zdF9pZCI6IjEyNiJ9fQ==@\u00a0\u00bb button_text=\u00a0\u00bbS&rsquo;inscrire !\u00a0\u00bb admin_label=\u00a0\u00bbAppel d&#039;action\u00a0\u00bb _builder_version=\u00a0\u00bb3.29.3&Prime; _dynamic_attributes=\u00a0\u00bbbutton_url\u00a0\u00bb header_text_color=\u00a0\u00bb#07878c\u00a0\u00bb body_text_color=\u00a0\u00bb#000000&Prime; background_color=\u00a0\u00bbrgba(0,216,202,0.29)\u00a0\u00bb custom_button=\u00a0\u00bbon\u00a0\u00bb button_text_color=\u00a0\u00bb#07878c\u00a0\u00bb button_bg_color=\u00a0\u00bb#dddddd\u00a0\u00bb button_border_color=\u00a0\u00bb#07878c\u00a0\u00bb button_border_radius=\u00a0\u00bb20px\u00a0\u00bb button_icon=\u00a0\u00bb%%28%%\u00a0\u00bb button_on_hover=\u00a0\u00bboff\u00a0\u00bb button_alignment=\u00a0\u00bbcenter\u00a0\u00bb text_orientation=\u00a0\u00bbjustified\u00a0\u00bb _i=\u00a0\u00bb0&Prime; _address=\u00a0\u00bb0.0.1.0&Prime; button_bg_enable_color=\u00a0\u00bbon\u00a0\u00bb]<\/p>\n<p>Ce <strong>lundi 21 octobre<\/strong>, la premi\u00e8re session d&rsquo;un cours hebdomadaire de Yoga de Samara aura lieu dans la salle Riverside (Espace Ducis Formation) \u00e0 Saint Herblain !<br \/>Parlez en autour de vous et inscrivez vous via le formulaire de contact !<\/p>\n<p>[\/et_pb_cta][\/et_pb_column][\/et_pb_row][\/et_pb_section]<\/p>\n","protected":false},"excerpt":{"rendered":"<p>Ce lundi 21 octobre, la premi\u00e8re session d&rsquo;un cours hebdomadaire de Yoga de Samara aura lieu dans la salle Riverside (Espace Ducis Formation) \u00e0 Saint Herblain !Parlez en autour de vous et inscrivez vous via le formulaire de contact !<\/p>\n","protected":false},"author":1,"featured_media":0,"comment_status":"open","ping_status":"open","sticky":false,"template":"","format":"standard","meta":{"_et_pb_use_builder":"on","_et_pb_old_content":"","_et_gb_content_width":"","footnotes":""},"categories":[6],"tags":[],"class_list":["post-139","post","type-post","status-publish","format-standard","hentry","category-actualites"],"yoast_head":"<!-- This site is optimized with the Yoast SEO plugin v19.13 - https:\/\/yoast.com\/wordpress\/plugins\/seo\/ -->\n<title>D\u00e9but des s\u00e9ances de Yoga - Catherine LONGEPE<\/title>\n<meta name=\"robots\" content=\"index, follow, max-snippet:-1, max-image-preview:large, max-video-preview:-1\" \/>\n<link rel=\"canonical\" href=\"https:\/\/www.catherine-longepe.com\/index.php\/2019\/10\/02\/debut-des-seances-de-yoga\/\" \/>\n<meta property=\"og:locale\" content=\"fr_FR\" \/>\n<meta property=\"og:type\" content=\"article\" \/>\n<meta property=\"og:title\" content=\"D\u00e9but des s\u00e9ances de Yoga - Catherine LONGEPE\" \/>\n<meta property=\"og:description\" content=\"Ce lundi 21 octobre, la premi\u00e8re session d&#039;un cours hebdomadaire de Yoga de Samara aura lieu dans la salle Riverside (Espace Ducis Formation) \u00e0 Saint Herblain !Parlez en autour de vous et inscrivez vous via le formulaire de contact !\" \/>\n<meta property=\"og:url\" content=\"https:\/\/www.catherine-longepe.com\/index.php\/2019\/10\/02\/debut-des-seances-de-yoga\/\" \/>\n<meta property=\"og:site_name\" content=\"Catherine LONGEPE\" \/>\n<meta property=\"article:published_time\" content=\"2019-10-02T07:32:07+00:00\" \/>\n<meta property=\"article:modified_time\" content=\"2019-10-13T15:57:14+00:00\" \/>\n<meta name=\"author\" content=\"admin7807\" \/>\n<meta name=\"twitter:card\" content=\"summary_large_image\" \/>\n<meta name=\"twitter:label1\" content=\"\u00c9crit par\" \/>\n\t<meta name=\"twitter:data1\" content=\"admin7807\" \/>\n\t<meta name=\"twitter:label2\" content=\"Dur\u00e9e de lecture estim\u00e9e\" \/>\n\t<meta name=\"twitter:data2\" content=\"1 minute\" \/>\n<script type=\"application\/ld+json\" class=\"yoast-schema-graph\">{\"@context\":\"https:\/\/schema.org\",\"@graph\":[{\"@type\":\"WebPage\",\"@id\":\"https:\/\/www.catherine-longepe.com\/index.php\/2019\/10\/02\/debut-des-seances-de-yoga\/\",\"url\":\"https:\/\/www.catherine-longepe.com\/index.php\/2019\/10\/02\/debut-des-seances-de-yoga\/\",\"name\":\"D\u00e9but des s\u00e9ances de Yoga - Catherine LONGEPE\",\"isPartOf\":{\"@id\":\"https:\/\/www.catherine-longepe.com\/#website\"},\"datePublished\":\"2019-10-02T07:32:07+00:00\",\"dateModified\":\"2019-10-13T15:57:14+00:00\",\"author\":{\"@id\":\"https:\/\/www.catherine-longepe.com\/#\/schema\/person\/00e11fa282e8146885365ac447b2ad66\"},\"breadcrumb\":{\"@id\":\"https:\/\/www.catherine-longepe.com\/index.php\/2019\/10\/02\/debut-des-seances-de-yoga\/#breadcrumb\"},\"inLanguage\":\"fr-FR\",\"potentialAction\":[{\"@type\":\"ReadAction\",\"target\":[\"https:\/\/www.catherine-longepe.com\/index.php\/2019\/10\/02\/debut-des-seances-de-yoga\/\"]}]},{\"@type\":\"BreadcrumbList\",\"@id\":\"https:\/\/www.catherine-longepe.com\/index.php\/2019\/10\/02\/debut-des-seances-de-yoga\/#breadcrumb\",\"itemListElement\":[{\"@type\":\"ListItem\",\"position\":1,\"name\":\"Accueil\",\"item\":\"https:\/\/www.catherine-longepe.com\/\"},{\"@type\":\"ListItem\",\"position\":2,\"name\":\"D\u00e9but des s\u00e9ances de Yoga\"}]},{\"@type\":\"WebSite\",\"@id\":\"https:\/\/www.catherine-longepe.com\/#website\",\"url\":\"https:\/\/www.catherine-longepe.com\/\",\"name\":\"Catherine LONGEPE\",\"description\":\"\u00c0 la Recherche de l&#039;Essentiel\",\"potentialAction\":[{\"@type\":\"SearchAction\",\"target\":{\"@type\":\"EntryPoint\",\"urlTemplate\":\"https:\/\/www.catherine-longepe.com\/?s={search_term_string}\"},\"query-input\":\"required name=search_term_string\"}],\"inLanguage\":\"fr-FR\"},{\"@type\":\"Person\",\"@id\":\"https:\/\/www.catherine-longepe.com\/#\/schema\/person\/00e11fa282e8146885365ac447b2ad66\",\"name\":\"admin7807\",\"image\":{\"@type\":\"ImageObject\",\"inLanguage\":\"fr-FR\",\"@id\":\"https:\/\/www.catherine-longepe.com\/#\/schema\/person\/image\/\",\"url\":\"https:\/\/secure.gravatar.com\/avatar\/4523babe5d4a2bed1e841b1a755ffbee51c6a5a93482a78844b2f1938774a22d?s=96&d=mm&r=g\",\"contentUrl\":\"https:\/\/secure.gravatar.com\/avatar\/4523babe5d4a2bed1e841b1a755ffbee51c6a5a93482a78844b2f1938774a22d?s=96&d=mm&r=g\",\"caption\":\"admin7807\"},\"url\":\"https:\/\/www.catherine-longepe.com\/index.php\/author\/admin7807\/\"}]}<\/script>\n<!-- \/ Yoast SEO plugin. -->","yoast_head_json":{"title":"D\u00e9but des s\u00e9ances de Yoga - Catherine LONGEPE","robots":{"index":"index","follow":"follow","max-snippet":"max-snippet:-1","max-image-preview":"max-image-preview:large","max-video-preview":"max-video-preview:-1"},"canonical":"https:\/\/www.catherine-longepe.com\/index.php\/2019\/10\/02\/debut-des-seances-de-yoga\/","og_locale":"fr_FR","og_type":"article","og_title":"D\u00e9but des s\u00e9ances de Yoga - Catherine LONGEPE","og_description":"Ce lundi 21 octobre, la premi\u00e8re session d'un cours hebdomadaire de Yoga de Samara aura lieu dans la salle Riverside (Espace Ducis Formation) \u00e0 Saint Herblain !Parlez en autour de vous et inscrivez vous via le formulaire de contact !","og_url":"https:\/\/www.catherine-longepe.com\/index.php\/2019\/10\/02\/debut-des-seances-de-yoga\/","og_site_name":"Catherine LONGEPE","article_published_time":"2019-10-02T07:32:07+00:00","article_modified_time":"2019-10-13T15:57:14+00:00","author":"admin7807","twitter_card":"summary_large_image","twitter_misc":{"\u00c9crit par":"admin7807","Dur\u00e9e de lecture estim\u00e9e":"1 minute"},"schema":{"@context":"https:\/\/schema.org","@graph":[{"@type":"WebPage","@id":"https:\/\/www.catherine-longepe.com\/index.php\/2019\/10\/02\/debut-des-seances-de-yoga\/","url":"https:\/\/www.catherine-longepe.com\/index.php\/2019\/10\/02\/debut-des-seances-de-yoga\/","name":"D\u00e9but des s\u00e9ances de Yoga - Catherine LONGEPE","isPartOf":{"@id":"https:\/\/www.catherine-longepe.com\/#website"},"datePublished":"2019-10-02T07:32:07+00:00","dateModified":"2019-10-13T15:57:14+00:00","author":{"@id":"https:\/\/www.catherine-longepe.com\/#\/schema\/person\/00e11fa282e8146885365ac447b2ad66"},"breadcrumb":{"@id":"https:\/\/www.catherine-longepe.com\/index.php\/2019\/10\/02\/debut-des-seances-de-yoga\/#breadcrumb"},"inLanguage":"fr-FR","potentialAction":[{"@type":"ReadAction","target":["https:\/\/www.catherine-longepe.com\/index.php\/2019\/10\/02\/debut-des-seances-de-yoga\/"]}]},{"@type":"BreadcrumbList","@id":"https:\/\/www.catherine-longepe.com\/index.php\/2019\/10\/02\/debut-des-seances-de-yoga\/#breadcrumb","itemListElement":[{"@type":"ListItem","position":1,"name":"Accueil","item":"https:\/\/www.catherine-longepe.com\/"},{"@type":"ListItem","position":2,"name":"D\u00e9but des s\u00e9ances de Yoga"}]},{"@type":"WebSite","@id":"https:\/\/www.catherine-longepe.com\/#website","url":"https:\/\/www.catherine-longepe.com\/","name":"Catherine LONGEPE","description":"\u00c0 la Recherche de l&#039;Essentiel","potentialAction":[{"@type":"SearchAction","target":{"@type":"EntryPoint","urlTemplate":"https:\/\/www.catherine-longepe.com\/?s={search_term_string}"},"query-input":"required name=search_term_string"}],"inLanguage":"fr-FR"},{"@type":"Person","@id":"https:\/\/www.catherine-longepe.com\/#\/schema\/person\/00e11fa282e8146885365ac447b2ad66","name":"admin7807","image":{"@type":"ImageObject","inLanguage":"fr-FR","@id":"https:\/\/www.catherine-longepe.com\/#\/schema\/person\/image\/","url":"https:\/\/secure.gravatar.com\/avatar\/4523babe5d4a2bed1e841b1a755ffbee51c6a5a93482a78844b2f1938774a22d?s=96&d=mm&r=g","contentUrl":"https:\/\/secure.gravatar.com\/avatar\/4523babe5d4a2bed1e841b1a755ffbee51c6a5a93482a78844b2f1938774a22d?s=96&d=mm&r=g","caption":"admin7807"},"url":"https:\/\/www.catherine-longepe.com\/index.php\/author\/admin7807\/"}]}},"_links":{"self":[{"href":"https:\/\/www.catherine-longepe.com\/index.php\/wp-json\/wp\/v2\/posts\/139","targetHints":{"allow":["GET"]}}],"collection":[{"href":"https:\/\/www.catherine-longepe.com\/index.php\/wp-json\/wp\/v2\/posts"}],"about":[{"href":"https:\/\/www.catherine-longepe.com\/index.php\/wp-json\/wp\/v2\/types\/post"}],"author":[{"embeddable":true,"href":"https:\/\/www.catherine-longepe.com\/index.php\/wp-json\/wp\/v2\/users\/1"}],"replies":[{"embeddable":true,"href":"https:\/\/www.catherine-longepe.com\/index.php\/wp-json\/wp\/v2\/comments?post=139"}],"version-history":[{"count":6,"href":"https:\/\/www.catherine-longepe.com\/index.php\/wp-json\/wp\/v2\/posts\/139\/revisions"}],"predecessor-version":[{"id":409,"href":"https:\/\/www.catherine-longepe.com\/index.php\/wp-json\/wp\/v2\/posts\/139\/revisions\/409"}],"wp:attachment":[{"href":"https:\/\/www.catherine-longepe.com\/index.php\/wp-json\/wp\/v2\/media?parent=139"}],"wp:term":[{"taxonomy":"category","embeddable":true,"href":"https:\/\/www.catherine-longepe.com\/index.php\/wp-json\/wp\/v2\/categories?post=139"},{"taxonomy":"post_tag","embeddable":true,"href":"https:\/\/www.catherine-longepe.com\/index.php\/wp-json\/wp\/v2\/tags?post=139"}],"curies":[{"name":"wp","href":"https:\/\/api.w.org\/{rel}","templated":true}]}}