{"id":142,"date":"2019-10-02T09:33:57","date_gmt":"2019-10-02T07:33:57","guid":{"rendered":"http:\/\/www.catherine-longepe.com\/?p=142"},"modified":"2019-10-03T20:51:30","modified_gmt":"2019-10-03T18:51:30","slug":"a-la-rencontre-du-samadeva-au-salon-zen-et-bio","status":"publish","type":"post","link":"https:\/\/www.catherine-longepe.com\/index.php\/2019\/10\/02\/a-la-rencontre-du-samadeva-au-salon-zen-et-bio\/","title":{"rendered":"A la rencontre du Samadeva au salon Zen et Bio"},"content":{"rendered":"<p>[et_pb_section fb_built=\u00a0\u00bb1&Prime; _builder_version=\u00a0\u00bb3.22&Prime; fb_built=\u00a0\u00bb1&Prime; _i=\u00a0\u00bb0&Prime; _address=\u00a0\u00bb0&Prime;][et_pb_row _builder_version=\u00a0\u00bb3.25&Prime; background_size=\u00a0\u00bbinitial\u00a0\u00bb background_position=\u00a0\u00bbtop_left\u00a0\u00bb background_repeat=\u00a0\u00bbrepeat\u00a0\u00bb _i=\u00a0\u00bb0&Prime; _address=\u00a0\u00bb0.0&Prime;][et_pb_column type=\u00a0\u00bb4_4&Prime; _builder_version=\u00a0\u00bb3.25&Prime; custom_padding=\u00a0\u00bb|||\u00a0\u00bb _i=\u00a0\u00bb0&Prime; _address=\u00a0\u00bb0.0.0&Prime; custom_padding__hover=\u00a0\u00bb|||\u00a0\u00bb][et_pb_text _builder_version=\u00a0\u00bb3.29.3&Prime; background_size=\u00a0\u00bbinitial\u00a0\u00bb background_position=\u00a0\u00bbtop_left\u00a0\u00bb background_repeat=\u00a0\u00bbrepeat\u00a0\u00bb hover_enabled=\u00a0\u00bb0&Prime; _i=\u00a0\u00bb0&Prime; _address=\u00a0\u00bb0.0.0.0&Prime;]<\/p>\n<h4 style=\"font-weight: 400; text-align: center;\"><strong><img loading=\"lazy\" decoding=\"async\" class=\"wp-image-233  aligncenter\" src=\"https:\/\/www.catherine-longepe.com\/wp-content\/uploads\/2019\/10\/ZENBIO_baseline-1-1-300x88.jpg\" alt=\"\" width=\"507\" height=\"149\" \/><\/strong><\/h4>\n<h4 style=\"font-weight: 400; text-align: center;\"><strong>VENEZ\u00a0D\u00c9COUVRIR\u00a0les\u00a0M\u00c9THODES\u00a0de BIEN-\u00caTRE du SAMADEVA\u00a0au Salon ZEN et BIO<\/strong><br \/><strong>Stand K 20<\/strong><\/h4>\n<p style=\"font-weight: 400;\"><strong>Enseignants et praticiens certifi\u00e9s ont pr\u00e9par\u00e9 \u00e0 votre intention,\u00a0<\/strong><strong>Conf\u00e9rences-Ateliers pratiques-Harmonisation \u00e9nerg\u00e9tique<br \/><\/strong><em>Programmation, Horaires\u00a0\u00a0<strong><a href=\"http:\/\/salon-zenetbio.com\/nantes\/visiteurs.programme\" data-saferedirecturl=\"https:\/\/www.google.com\/url?q=http:\/\/salon-zenetbio.com\/nantes\/visiteurs.programme&amp;source=gmail&amp;ust=1570025532401000&amp;usg=AFQjCNFA-HRq0pAd9zxMuhzEYcEb0d5WwA\">salon-zenetbio.com\/nantes\/visiteurs.programme<\/a><\/strong><\/em><\/p>\n<p style=\"font-weight: 400;\"><strong>Consultations individuelles sur le stand &#8230;\u00a0<\/strong><em>pour vous orienter vers la pratique qui r\u00e9pond au plus juste \u00e0 votre besoin<\/em><\/p>\n<p style=\"font-weight: 400;\"><strong>Pr\u00e9sentation &#8211; Information<br \/><\/strong><em>Trois cycles d\u2019\u00e9tudes et de pratiques, visent chacun une harmonie, aussi bien avec soi-m\u00eame qu\u2019avec les autres et l\u2019environnement,\u00a0 propos\u00e9s\u00a0d\u00e8s cet automne en\u00a0<strong>r\u00e9gion nantaise<\/strong><\/em><\/p>\n<p style=\"font-weight: 400;\"><strong>FORMATION aux CONSTELLATIONS\u00a0Familiales, Ancestrales et Syst\u00e9miques<br \/><\/strong><em>Une m\u00e9thode traditionnelle qu&rsquo;Idris Lahore a adapt\u00e9e \u00e0 notre \u00e9poque en y associant certaines techniques d\u00e9velopp\u00e9es par des constellateurs d\u2019\u00e9coles plus modernes pour mettre en \u00e9vidence les influences que peuvent avoir sur notre vie certains membres de notre famille et m\u00eame, certains anc\u00eatres : elles rendent visibles ces forces transg\u00e9n\u00e9rationnelles invisibles qui sont \u00e0 l\u2019\u0153uvre.<\/em><\/p>\n<p style=\"font-weight: 400;\"><strong>Formation de base certifiante ou en auditeur libre\u00a0; 20 jours \u00e0 raison de\u00a0:<br \/><\/strong><strong>5 sessions de 3 jours (du vendredi au dimanche) en r\u00e9gion nantaise<\/strong><strong>+ 5 jours de stage intensif en Alsace<\/strong><\/p>\n<h5 style=\"font-weight: 400;\"><strong>EXCEPTIONNEL et NOVATEUR<br \/><\/strong><\/h5>\n<p style=\"font-weight: 400;\"><strong>Un cycle de 6 week-ends d\u2019apprentissage pour atteindre un niveau sup\u00e9rieur dans la relation \u00e0 soi-m\u00eame et \u00e0 l\u2019autre<\/strong><\/p>\n<h5 style=\"font-weight: 400;\"><strong>PRATIQUE de la RELATION d\u2019AIDE<\/strong><\/h5>\n<p style=\"font-weight: 400;\"><strong>Avec Coline d\u2019Aubret et Alan Goodborn<br \/><\/strong>Vous apprendrez comment mettre en \u0153uvre des attitudes facilitantes et accompagner une personne quel que soit son processus de changement, quel que soit son type de personnalit\u00e9, sa pathologie ou ses demandes.<br \/>Dans une ambiance de bienveillance et de respect, ces sessions sont un v\u00e9ritable entra\u00eenement \u00e0 la pratique.<br \/>D\u00e9passez vos blocages et trouvez de meilleures solutions d\u2019accompagnement.<\/p>\n<p style=\"font-weight: 400;\"><strong>Formation de 12 jours r\u00e9partis en\u00a0<\/strong><strong>6 sessions (du samedi 9h-18h 30 au dimanche 9 h-17 h)<\/strong><\/p>\n<p style=\"font-weight: 400;\"><strong>NOUVELLE PSYCHOLOGIE SPIRITUELLE<br \/><\/strong><strong>R\u00e9aliser le SENS et la mission de sa VIE<br \/><\/strong><strong>HEUREUX MAINTENANT<\/strong><\/p>\n<p style=\"font-weight: 400;\"><strong>Avec Enn\u00e9a Tess Griffith<br \/><\/strong><strong><em>Ma\u00eetre du Samadeva, Directrice des formations; la plus proche collaboratrice d\u2019Idris Lahore, \u00e9clairera ce chemin \u00e0 emprunter<\/em><\/strong><\/p>\n<p style=\"font-weight: 400;\"><strong><em>Pour soi\u00a0<\/em><\/strong><em>: se sentir mieux dans sa vie, trouver le bonheur au quotidien et des relations harmonieuses familiales, affectives et professionnelles.<br \/><\/em><strong><em>Pour les autres\u00a0<\/em><\/strong><em>: \u00catre un cadeau et un facteur de paix pour les autres.<br \/><\/em><strong><em>Pour l\u2019humanit\u00e9<\/em><\/strong><em>\u00a0: Participer \u00e0 apporter au monde l\u2019amour, la compassion, la joie, la s\u00e9r\u00e9nit\u00e9 et la clart\u00e9 de l\u2019esprit pour le monde d\u2019aujourd\u2019hui et de demain.<\/em><\/p>\n<p style=\"font-weight: 400;\"><strong>Cursus de 12 jours \u00e0 raison de\u00a0:<br \/><\/strong><strong>4 sessions de 3 jours (du vendredi au dimanche) en r\u00e9gion nantaise.<br \/><\/strong><strong>Ces stages ne n\u00e9cessitant aucun pr\u00e9requis,\u00a0s\u2019adressent \u00e0 tous ceux qui aspirent \u00e0 devenir v\u00e9ritablement acteurs, au quotidien de leur bien-\u00eatre,\u00a0<\/strong><strong>de leur sant\u00e9 et de\u00a0leur d\u00e9veloppement\u00a0personnel ou m\u00eame spirituel.<\/strong><\/p>\n<p style=\"font-weight: 400;\"><strong>Les professionnels de la sant\u00e9 y trouveront un compl\u00e9ment et un enrichissement pr\u00e9cieux de leur savoir-faire.<br \/><\/strong><strong>Une documentation compl\u00e8te sur la formation qui vous int\u00e9resse vous sera remise sur le stand ou sur simple demande<\/strong>\u00a0<strong>vous sera envoy\u00e9e.<\/strong><\/p>\n<p style=\"font-weight: 400;\"><strong>Je suis \u00e9galement \u00e0 votre \u00e9coute au 06 62 51 66 67 pour r\u00e9pondre \u00e0 vos questions.<br \/><\/strong><strong>En vous remerciant pour votre attention.<\/strong><\/p>\n<p style=\"font-weight: 400;\"><strong>Marie Martinez<\/strong><\/p>\n<p style=\"font-weight: 400;\"><a href=\"mailto:marie.martinez.naoned@gmail.com\"><strong>marie.martinez.naoned@gmail.com<\/strong><\/a><br \/><strong>Partenaire de la Libre Universit\u00e9 du Samadeva<\/strong><\/p>\n<p>[\/et_pb_text][\/et_pb_column][\/et_pb_row][\/et_pb_section]<\/p>\n","protected":false},"excerpt":{"rendered":"<p>VENEZ\u00a0D\u00c9COUVRIR\u00a0les\u00a0M\u00c9THODES\u00a0de BIEN-\u00caTRE du SAMADEVA\u00a0au Salon ZEN et BIOStand K 20 Enseignants et praticiens certifi\u00e9s ont pr\u00e9par\u00e9 \u00e0 votre intention,\u00a0Conf\u00e9rences-Ateliers pratiques-Harmonisation \u00e9nerg\u00e9tiqueProgrammation, Horaires\u00a0\u00a0salon-zenetbio.com\/nantes\/visiteurs.programme Consultations individuelles sur le stand &#8230;\u00a0pour vous orienter vers la pratique qui r\u00e9pond au plus juste \u00e0 votre besoin Pr\u00e9sentation &#8211; InformationTrois cycles d\u2019\u00e9tudes et de pratiques, visent chacun une harmonie, aussi bien [&hellip;]<\/p>\n","protected":false},"author":1,"featured_media":0,"comment_status":"open","ping_status":"open","sticky":false,"template":"","format":"standard","meta":{"_et_pb_use_builder":"on","_et_pb_old_content":"<h4 style=\"font-weight: 400; text-align: center;\"><strong>VENEZ\u00a0D\u00c9COUVRIR\u00a0les\u00a0M\u00c9THODES\u00a0de BIEN-\u00caTRE du SAMADEVA\u00a0au Salon ZEN et BIO<\/strong><br \/><strong>Stand K 20<\/strong><\/h4><p style=\"font-weight: 400;\"><strong>Enseignants et praticiens certifi\u00e9s ont pr\u00e9par\u00e9 \u00e0 votre intention,\u00a0<\/strong><strong>Conf\u00e9rences-Ateliers pratiques-Harmonisation \u00e9nerg\u00e9tique<br \/><\/strong><em>Programmation, Horaires\u00a0\u00a0<strong><a href=\"http:\/\/salon-zenetbio.com\/nantes\/visiteurs.programme\" data-saferedirecturl=\"https:\/\/www.google.com\/url?q=http:\/\/salon-zenetbio.com\/nantes\/visiteurs.programme&source=gmail&ust=1570025532401000&usg=AFQjCNFA-HRq0pAd9zxMuhzEYcEb0d5WwA\">salon-zenetbio.com\/nantes\/visiteurs.programme<\/a><\/strong><\/em><\/p><p style=\"font-weight: 400;\"><strong>Consultations individuelles sur le stand ...\u00a0<\/strong><em>pour vous orienter vers la pratique qui r\u00e9pond au plus juste \u00e0 votre besoin<\/em><\/p><p style=\"font-weight: 400;\"><strong>Pr\u00e9sentation - Information<br \/><\/strong><em>Trois cycles d\u2019\u00e9tudes et de pratiques, visent chacun une harmonie, aussi bien avec soi-m\u00eame qu\u2019avec les autres et l\u2019environnement,\u00a0 propos\u00e9s\u00a0d\u00e8s cet automne en\u00a0<strong>r\u00e9gion nantaise<\/strong><\/em><\/p><p style=\"font-weight: 400;\"><strong>FORMATION aux CONSTELLATIONS\u00a0Familiales, Ancestrales et Syst\u00e9miques<br \/><\/strong><em>Une m\u00e9thode traditionnelle qu'Idris Lahore a adapt\u00e9e \u00e0 notre \u00e9poque en y associant certaines techniques d\u00e9velopp\u00e9es par des constellateurs d\u2019\u00e9coles plus modernes pour mettre en \u00e9vidence les influences que peuvent avoir sur notre vie certains membres de notre famille et m\u00eame, certains anc\u00eatres : elles rendent visibles ces forces transg\u00e9n\u00e9rationnelles invisibles qui sont \u00e0 l\u2019\u0153uvre.<\/em><\/p><p style=\"font-weight: 400;\"><strong>Formation de base certifiante ou en auditeur libre\u00a0; 20 jours \u00e0 raison de\u00a0:<br \/><\/strong><strong>5 sessions de 3 jours (du vendredi au dimanche) en r\u00e9gion nantaise<\/strong><strong>+ 5 jours de stage intensif en Alsace<\/strong><\/p><h5 style=\"font-weight: 400;\"><strong>EXCEPTIONNEL et NOVATEUR<br \/><\/strong><\/h5><p style=\"font-weight: 400;\"><strong>Un cycle de 6 week-ends d\u2019apprentissage pour atteindre un niveau sup\u00e9rieur dans la relation \u00e0 soi-m\u00eame et \u00e0 l\u2019autre<\/strong><\/p><h5 style=\"font-weight: 400;\"><strong>PRATIQUE de la RELATION d\u2019AIDE<\/strong><\/h5><p style=\"font-weight: 400;\"><strong>Avec Coline d\u2019Aubret et Alan Goodborn<br \/><\/strong>Vous apprendrez comment mettre en \u0153uvre des attitudes facilitantes et accompagner une personne quel que soit son processus de changement, quel que soit son type de personnalit\u00e9, sa pathologie ou ses demandes.<br \/>Dans une ambiance de bienveillance et de respect, ces sessions sont un v\u00e9ritable entra\u00eenement \u00e0 la pratique.<br \/>D\u00e9passez vos blocages et trouvez de meilleures solutions d\u2019accompagnement.<\/p><p style=\"font-weight: 400;\"><strong>Formation de 12 jours r\u00e9partis en\u00a0<\/strong><strong>6 sessions (du samedi 9h-18h 30 au dimanche 9 h-17 h)<\/strong><\/p><p style=\"font-weight: 400;\"><strong>NOUVELLE PSYCHOLOGIE SPIRITUELLE<br \/><\/strong><strong>R\u00e9aliser le SENS et la mission de sa VIE<br \/><\/strong><strong>HEUREUX MAINTENANT<\/strong><\/p><p style=\"font-weight: 400;\"><strong>Avec Enn\u00e9a Tess Griffith<br \/><\/strong><strong><em>Ma\u00eetre du Samadeva, Directrice des formations; la plus proche collaboratrice d\u2019Idris Lahore, \u00e9clairera ce chemin \u00e0 emprunter<\/em><\/strong><\/p><p style=\"font-weight: 400;\"><strong><em>Pour soi\u00a0<\/em><\/strong><em>: se sentir mieux dans sa vie, trouver le bonheur au quotidien et des relations harmonieuses familiales, affectives et professionnelles.<br \/><\/em><strong><em>Pour les autres\u00a0<\/em><\/strong><em>: \u00catre un cadeau et un facteur de paix pour les autres.<br \/><\/em><strong><em>Pour l\u2019humanit\u00e9<\/em><\/strong><em>\u00a0: Participer \u00e0 apporter au monde l\u2019amour, la compassion, la joie, la s\u00e9r\u00e9nit\u00e9 et la clart\u00e9 de l\u2019esprit pour le monde d\u2019aujourd\u2019hui et de demain.<\/em><\/p><p style=\"font-weight: 400;\"><strong>Cursus de 12 jours \u00e0 raison de\u00a0:<br \/><\/strong><strong>4 sessions de 3 jours (du vendredi au dimanche) en r\u00e9gion nantaise.<br \/><\/strong><strong>Ces stages ne n\u00e9cessitant aucun pr\u00e9requis,\u00a0s\u2019adressent \u00e0 tous ceux qui aspirent \u00e0 devenir v\u00e9ritablement acteurs, au quotidien de leur bien-\u00eatre,\u00a0<\/strong><strong>de leur sant\u00e9 et de\u00a0leur d\u00e9veloppement\u00a0personnel ou m\u00eame spirituel.<\/strong><\/p><p style=\"font-weight: 400;\"><strong>Les professionnels de la sant\u00e9 y trouveront un compl\u00e9ment et un enrichissement pr\u00e9cieux de leur savoir-faire.<br \/><\/strong><strong>Une documentation compl\u00e8te sur la formation qui vous int\u00e9resse vous sera remise sur le stand ou sur simple demande<\/strong>\u00a0<strong>vous sera envoy\u00e9e.<\/strong><\/p><p style=\"font-weight: 400;\"><strong>Je suis \u00e9galement \u00e0 votre \u00e9coute au 06 62 51 66 67 pour r\u00e9pondre \u00e0 vos questions.<br \/><\/strong><strong>En vous remerciant pour votre attention.<\/strong><\/p><p style=\"font-weight: 400;\"><strong>Marie Martinez<\/strong><\/p><p style=\"font-weight: 400;\"><a href=\"mailto:marie.martinez.naoned@gmail.com\"><strong>marie.martinez.naoned@gmail.com<\/strong><\/a><br \/><strong>Partenaire de la Libre Universit\u00e9 du Samadeva<\/strong><\/p>","_et_gb_content_width":"","footnotes":""},"categories":[6],"tags":[7],"class_list":["post-142","post","type-post","status-publish","format-standard","hentry","category-actualites","tag-sante-bio-zen-yoga-energetique"],"yoast_head":"<!-- This site is optimized with the Yoast SEO plugin v19.13 - https:\/\/yoast.com\/wordpress\/plugins\/seo\/ -->\n<title>A la rencontre du Samadeva au salon Zen et Bio - Catherine LONGEPE<\/title>\n<meta name=\"robots\" content=\"index, follow, max-snippet:-1, max-image-preview:large, max-video-preview:-1\" \/>\n<link rel=\"canonical\" href=\"https:\/\/www.catherine-longepe.com\/index.php\/2019\/10\/02\/a-la-rencontre-du-samadeva-au-salon-zen-et-bio\/\" \/>\n<meta property=\"og:locale\" content=\"fr_FR\" \/>\n<meta property=\"og:type\" content=\"article\" \/>\n<meta property=\"og:title\" content=\"A la rencontre du Samadeva au salon Zen et Bio - Catherine LONGEPE\" \/>\n<meta property=\"og:description\" content=\"VENEZ\u00a0D\u00c9COUVRIR\u00a0les\u00a0M\u00c9THODES\u00a0de BIEN-\u00caTRE du SAMADEVA\u00a0au Salon ZEN et BIOStand K 20 Enseignants et praticiens certifi\u00e9s ont pr\u00e9par\u00e9 \u00e0 votre intention,\u00a0Conf\u00e9rences-Ateliers pratiques-Harmonisation \u00e9nerg\u00e9tiqueProgrammation, Horaires\u00a0\u00a0salon-zenetbio.com\/nantes\/visiteurs.programme Consultations individuelles sur le stand ...\u00a0pour vous orienter vers la pratique qui r\u00e9pond au plus juste \u00e0 votre besoin Pr\u00e9sentation - InformationTrois cycles d\u2019\u00e9tudes et de pratiques, visent chacun une harmonie, aussi bien [&hellip;]\" \/>\n<meta property=\"og:url\" content=\"https:\/\/www.catherine-longepe.com\/index.php\/2019\/10\/02\/a-la-rencontre-du-samadeva-au-salon-zen-et-bio\/\" \/>\n<meta property=\"og:site_name\" content=\"Catherine LONGEPE\" \/>\n<meta property=\"article:published_time\" content=\"2019-10-02T07:33:57+00:00\" \/>\n<meta property=\"article:modified_time\" content=\"2019-10-03T18:51:30+00:00\" \/>\n<meta property=\"og:image\" content=\"https:\/\/www.catherine-longepe.com\/wp-content\/uploads\/2019\/10\/ZENBIO_baseline-1-1-300x88.jpg\" \/>\n<meta name=\"author\" content=\"admin7807\" \/>\n<meta name=\"twitter:card\" content=\"summary_large_image\" \/>\n<meta name=\"twitter:label1\" content=\"\u00c9crit par\" \/>\n\t<meta name=\"twitter:data1\" content=\"admin7807\" \/>\n\t<meta name=\"twitter:label2\" content=\"Dur\u00e9e de lecture estim\u00e9e\" \/>\n\t<meta name=\"twitter:data2\" content=\"3 minutes\" \/>\n<script type=\"application\/ld+json\" class=\"yoast-schema-graph\">{\"@context\":\"https:\/\/schema.org\",\"@graph\":[{\"@type\":\"WebPage\",\"@id\":\"https:\/\/www.catherine-longepe.com\/index.php\/2019\/10\/02\/a-la-rencontre-du-samadeva-au-salon-zen-et-bio\/\",\"url\":\"https:\/\/www.catherine-longepe.com\/index.php\/2019\/10\/02\/a-la-rencontre-du-samadeva-au-salon-zen-et-bio\/\",\"name\":\"A la rencontre du Samadeva au salon Zen et Bio - Catherine LONGEPE\",\"isPartOf\":{\"@id\":\"https:\/\/www.catherine-longepe.com\/#website\"},\"datePublished\":\"2019-10-02T07:33:57+00:00\",\"dateModified\":\"2019-10-03T18:51:30+00:00\",\"author\":{\"@id\":\"https:\/\/www.catherine-longepe.com\/#\/schema\/person\/00e11fa282e8146885365ac447b2ad66\"},\"breadcrumb\":{\"@id\":\"https:\/\/www.catherine-longepe.com\/index.php\/2019\/10\/02\/a-la-rencontre-du-samadeva-au-salon-zen-et-bio\/#breadcrumb\"},\"inLanguage\":\"fr-FR\",\"potentialAction\":[{\"@type\":\"ReadAction\",\"target\":[\"https:\/\/www.catherine-longepe.com\/index.php\/2019\/10\/02\/a-la-rencontre-du-samadeva-au-salon-zen-et-bio\/\"]}]},{\"@type\":\"BreadcrumbList\",\"@id\":\"https:\/\/www.catherine-longepe.com\/index.php\/2019\/10\/02\/a-la-rencontre-du-samadeva-au-salon-zen-et-bio\/#breadcrumb\",\"itemListElement\":[{\"@type\":\"ListItem\",\"position\":1,\"name\":\"Accueil\",\"item\":\"https:\/\/www.catherine-longepe.com\/\"},{\"@type\":\"ListItem\",\"position\":2,\"name\":\"A la rencontre du Samadeva au salon Zen et Bio\"}]},{\"@type\":\"WebSite\",\"@id\":\"https:\/\/www.catherine-longepe.com\/#website\",\"url\":\"https:\/\/www.catherine-longepe.com\/\",\"name\":\"Catherine LONGEPE\",\"description\":\"\u00c0 la Recherche de l&#039;Essentiel\",\"potentialAction\":[{\"@type\":\"SearchAction\",\"target\":{\"@type\":\"EntryPoint\",\"urlTemplate\":\"https:\/\/www.catherine-longepe.com\/?s={search_term_string}\"},\"query-input\":\"required name=search_term_string\"}],\"inLanguage\":\"fr-FR\"},{\"@type\":\"Person\",\"@id\":\"https:\/\/www.catherine-longepe.com\/#\/schema\/person\/00e11fa282e8146885365ac447b2ad66\",\"name\":\"admin7807\",\"image\":{\"@type\":\"ImageObject\",\"inLanguage\":\"fr-FR\",\"@id\":\"https:\/\/www.catherine-longepe.com\/#\/schema\/person\/image\/\",\"url\":\"https:\/\/secure.gravatar.com\/avatar\/4523babe5d4a2bed1e841b1a755ffbee51c6a5a93482a78844b2f1938774a22d?s=96&d=mm&r=g\",\"contentUrl\":\"https:\/\/secure.gravatar.com\/avatar\/4523babe5d4a2bed1e841b1a755ffbee51c6a5a93482a78844b2f1938774a22d?s=96&d=mm&r=g\",\"caption\":\"admin7807\"},\"url\":\"https:\/\/www.catherine-longepe.com\/index.php\/author\/admin7807\/\"}]}<\/script>\n<!-- \/ Yoast SEO plugin. -->","yoast_head_json":{"title":"A la rencontre du Samadeva au salon Zen et Bio - Catherine LONGEPE","robots":{"index":"index","follow":"follow","max-snippet":"max-snippet:-1","max-image-preview":"max-image-preview:large","max-video-preview":"max-video-preview:-1"},"canonical":"https:\/\/www.catherine-longepe.com\/index.php\/2019\/10\/02\/a-la-rencontre-du-samadeva-au-salon-zen-et-bio\/","og_locale":"fr_FR","og_type":"article","og_title":"A la rencontre du Samadeva au salon Zen et Bio - Catherine LONGEPE","og_description":"VENEZ\u00a0D\u00c9COUVRIR\u00a0les\u00a0M\u00c9THODES\u00a0de BIEN-\u00caTRE du SAMADEVA\u00a0au Salon ZEN et BIOStand K 20 Enseignants et praticiens certifi\u00e9s ont pr\u00e9par\u00e9 \u00e0 votre intention,\u00a0Conf\u00e9rences-Ateliers pratiques-Harmonisation \u00e9nerg\u00e9tiqueProgrammation, Horaires\u00a0\u00a0salon-zenetbio.com\/nantes\/visiteurs.programme Consultations individuelles sur le stand ...\u00a0pour vous orienter vers la pratique qui r\u00e9pond au plus juste \u00e0 votre besoin Pr\u00e9sentation - InformationTrois cycles d\u2019\u00e9tudes et de pratiques, visent chacun une harmonie, aussi bien [&hellip;]","og_url":"https:\/\/www.catherine-longepe.com\/index.php\/2019\/10\/02\/a-la-rencontre-du-samadeva-au-salon-zen-et-bio\/","og_site_name":"Catherine LONGEPE","article_published_time":"2019-10-02T07:33:57+00:00","article_modified_time":"2019-10-03T18:51:30+00:00","og_image":[{"url":"https:\/\/www.catherine-longepe.com\/wp-content\/uploads\/2019\/10\/ZENBIO_baseline-1-1-300x88.jpg"}],"author":"admin7807","twitter_card":"summary_large_image","twitter_misc":{"\u00c9crit par":"admin7807","Dur\u00e9e de lecture estim\u00e9e":"3 minutes"},"schema":{"@context":"https:\/\/schema.org","@graph":[{"@type":"WebPage","@id":"https:\/\/www.catherine-longepe.com\/index.php\/2019\/10\/02\/a-la-rencontre-du-samadeva-au-salon-zen-et-bio\/","url":"https:\/\/www.catherine-longepe.com\/index.php\/2019\/10\/02\/a-la-rencontre-du-samadeva-au-salon-zen-et-bio\/","name":"A la rencontre du Samadeva au salon Zen et Bio - Catherine LONGEPE","isPartOf":{"@id":"https:\/\/www.catherine-longepe.com\/#website"},"datePublished":"2019-10-02T07:33:57+00:00","dateModified":"2019-10-03T18:51:30+00:00","author":{"@id":"https:\/\/www.catherine-longepe.com\/#\/schema\/person\/00e11fa282e8146885365ac447b2ad66"},"breadcrumb":{"@id":"https:\/\/www.catherine-longepe.com\/index.php\/2019\/10\/02\/a-la-rencontre-du-samadeva-au-salon-zen-et-bio\/#breadcrumb"},"inLanguage":"fr-FR","potentialAction":[{"@type":"ReadAction","target":["https:\/\/www.catherine-longepe.com\/index.php\/2019\/10\/02\/a-la-rencontre-du-samadeva-au-salon-zen-et-bio\/"]}]},{"@type":"BreadcrumbList","@id":"https:\/\/www.catherine-longepe.com\/index.php\/2019\/10\/02\/a-la-rencontre-du-samadeva-au-salon-zen-et-bio\/#breadcrumb","itemListElement":[{"@type":"ListItem","position":1,"name":"Accueil","item":"https:\/\/www.catherine-longepe.com\/"},{"@type":"ListItem","position":2,"name":"A la rencontre du Samadeva au salon Zen et Bio"}]},{"@type":"WebSite","@id":"https:\/\/www.catherine-longepe.com\/#website","url":"https:\/\/www.catherine-longepe.com\/","name":"Catherine LONGEPE","description":"\u00c0 la Recherche de l&#039;Essentiel","potentialAction":[{"@type":"SearchAction","target":{"@type":"EntryPoint","urlTemplate":"https:\/\/www.catherine-longepe.com\/?s={search_term_string}"},"query-input":"required name=search_term_string"}],"inLanguage":"fr-FR"},{"@type":"Person","@id":"https:\/\/www.catherine-longepe.com\/#\/schema\/person\/00e11fa282e8146885365ac447b2ad66","name":"admin7807","image":{"@type":"ImageObject","inLanguage":"fr-FR","@id":"https:\/\/www.catherine-longepe.com\/#\/schema\/person\/image\/","url":"https:\/\/secure.gravatar.com\/avatar\/4523babe5d4a2bed1e841b1a755ffbee51c6a5a93482a78844b2f1938774a22d?s=96&d=mm&r=g","contentUrl":"https:\/\/secure.gravatar.com\/avatar\/4523babe5d4a2bed1e841b1a755ffbee51c6a5a93482a78844b2f1938774a22d?s=96&d=mm&r=g","caption":"admin7807"},"url":"https:\/\/www.catherine-longepe.com\/index.php\/author\/admin7807\/"}]}},"_links":{"self":[{"href":"https:\/\/www.catherine-longepe.com\/index.php\/wp-json\/wp\/v2\/posts\/142","targetHints":{"allow":["GET"]}}],"collection":[{"href":"https:\/\/www.catherine-longepe.com\/index.php\/wp-json\/wp\/v2\/posts"}],"about":[{"href":"https:\/\/www.catherine-longepe.com\/index.php\/wp-json\/wp\/v2\/types\/post"}],"author":[{"embeddable":true,"href":"https:\/\/www.catherine-longepe.com\/index.php\/wp-json\/wp\/v2\/users\/1"}],"replies":[{"embeddable":true,"href":"https:\/\/www.catherine-longepe.com\/index.php\/wp-json\/wp\/v2\/comments?post=142"}],"version-history":[{"count":11,"href":"https:\/\/www.catherine-longepe.com\/index.php\/wp-json\/wp\/v2\/posts\/142\/revisions"}],"predecessor-version":[{"id":316,"href":"https:\/\/www.catherine-longepe.com\/index.php\/wp-json\/wp\/v2\/posts\/142\/revisions\/316"}],"wp:attachment":[{"href":"https:\/\/www.catherine-longepe.com\/index.php\/wp-json\/wp\/v2\/media?parent=142"}],"wp:term":[{"taxonomy":"category","embeddable":true,"href":"https:\/\/www.catherine-longepe.com\/index.php\/wp-json\/wp\/v2\/categories?post=142"},{"taxonomy":"post_tag","embeddable":true,"href":"https:\/\/www.catherine-longepe.com\/index.php\/wp-json\/wp\/v2\/tags?post=142"}],"curies":[{"name":"wp","href":"https:\/\/api.w.org\/{rel}","templated":true}]}}